{"id":64347,"date":"2026-01-28T07:23:58","date_gmt":"2026-01-28T07:23:58","guid":{"rendered":"https:\/\/www.letsportsrock.com\/?p=64347"},"modified":"2026-01-28T07:27:53","modified_gmt":"2026-01-28T07:27:53","slug":"fc-dinamo-bucuresti-are-placerea-sa-anunte-semnarea-mijlocasului-de-mare-valoare-rayan-pe-un-contract-pe-cinci-ani-si-jumatate","status":"publish","type":"post","link":"https:\/\/www.letsportsrock.com\/?p=64347","title":{"rendered":"FC Dinamo Bucure\u0219ti are pl\u0103cerea s\u0103 anun\u021be semnarea mijloca\u0219ului de mare valoare Rayan pe un contract pe cinci ani \u0219i jum\u0103tate&#8230;"},"content":{"rendered":"<div class=\"d79db4796efc26332eabfc3f5dafbc76\" data-index=\"1\" style=\"float: none; margin:10px 0 10px 0; text-align:center;\">\n<div class=\"hb-ad-inarticle\">\r\n    <div class=\"hb-ad-inner\"> \r\n    <div class=\"hbagency_cls\"  id=\"hbagency_space_111930\"><\/div><\/div> <\/div>\n<\/div>\n<p>FC Dinamo Bucure\u0219ti a anun\u021bat cu entuziasm semnarea mijloca\u0219ului de mare valoare, Rayan, pe un contract de cinci ani \u0219i jum\u0103tate. Aceast\u0103 mi\u0219care strategic\u0103 subliniaz\u0103 ambi\u021biile clubului de a-\u0219i consolida echipa \u0219i de a-\u0219i \u00eembun\u0103t\u0103\u021bi performan\u021bele \u00een competi\u021biile viitoare. Transferul lui Rayan vine \u00eentr-un moment \u00een care Dinamo Bucure\u0219ti \u00ee\u0219i propune s\u0103 \u00ee\u0219i \u00eent\u0103reasc\u0103 lotul cu juc\u0103tori de calitate, av\u00e2nd \u00een vedere obiectivele ambi\u021bioase pe care \u0219i le-a stabilit pentru urm\u0103toarele sezoane.<\/p>\n<p>&nbsp;<\/p>\n<p>Dinamo Bucure\u0219ti, un club cu o istorie bogat\u0103 \u00een fotbalul rom\u00e2nesc, a fost activ pe pia\u021ba transferurilor, aduc\u00e2nd juc\u0103tori de valoare pentru a-\u0219i \u00eembun\u0103t\u0103\u021bi performan\u021bele. Recent, clubul a reu\u0219it s\u0103 finalizeze transferuri importante, inclusiv semnarea unui juc\u0103tor de marc\u0103 cu experien\u021b\u0103 interna\u021bional\u0103, ceea ce demonstreaz\u0103 angajamentul s\u0103u de a r\u0103m\u00e2ne competitiv la cel mai \u00eenalt nivel [6]. De asemenea, Dinamo a realizat un transfer record prin achizi\u021bionarea nigerianului Godwin Udosen, subliniind capacitatea clubului de a atrage talente de top [4].<\/p>\n<p>&nbsp;<\/p>\n<p>Cu o istorie care \u00eencepe \u00een 1948, Dinamo Bucure\u0219ti a c\u00e2\u0219tigat de-a lungul timpului 18 Campionate Na\u021bionale, 13 Cupe ale Rom\u00e2niei \u0219i 2 Supercupe ale Rom\u00e2niei, fiind unul dintre cele mai titrate cluburi din \u021bar\u0103 [7]. Culorile oficiale ale clubului sunt alb \u0219i ro\u0219u, iar echipa \u00ee\u0219i desf\u0103\u0219oar\u0103 meciurile pe stadionul din \u0218oseaua \u0218tefan cel Mare.<\/p>\n<p>&nbsp;<\/p>\n<p>Transferul lui Rayan este v\u0103zut ca un pas important \u00een strategia clubului de a-\u0219i \u00eent\u0103ri mijlocul terenului \u0219i de a aduce un plus de creativitate \u0219i dinamism \u00een jocul echipei. Cu un contract pe termen lung, Rayan va avea ocazia s\u0103 se dezvolte \u0219i s\u0103 contribuie semnificativ la succesul echipei \u00een anii urm\u0103tori.<\/p>\n<p>&nbsp;<\/p>\n<p>Aceast\u0103 achizi\u021bie reflect\u0103 nu doar dorin\u021ba clubului de a r\u0103m\u00e2ne competitiv, ci \u0219i capacitatea sa de a atrage juc\u0103tori de calitate, ceea ce este esen\u021bial pentru a face fa\u021b\u0103 provoc\u0103rilor din Superliga \u0219i din competi\u021biile interna\u021bionale. Dinamo Bucure\u0219ti continu\u0103 s\u0103 fie un nume de referin\u021b\u0103 \u00een fotbalul rom\u00e2nesc, iar semnarea lui Rayan este un alt pas \u00een direc\u021bia consolid\u0103rii acestei reputa\u021bii.<\/p>\n<p>&nbsp;<\/p>\n<p>&nbsp;<\/p>\n\n<div style=\"font-size: 0px; height: 0px; line-height: 0px; margin: 0; padding: 0; clear: both;\"><\/div>","protected":false},"excerpt":{"rendered":"<p>FC Dinamo Bucure\u0219ti a anun\u021bat cu entuziasm semnarea mijloca\u0219ului de mare valoare, Rayan, pe un contract de cinci ani \u0219i jum\u0103tate. Aceast\u0103 mi\u0219care strategic\u0103 subliniaz\u0103 ambi\u021biile clubului de a-\u0219i consolida echipa \u0219i de a-\u0219i \u00eembun\u0103t\u0103\u021bi performan\u021bele \u00een competi\u021biile viitoare. Transferul lui Rayan vine \u00eentr-un moment \u00een care Dinamo Bucure\u0219ti \u00ee\u0219i propune s\u0103 \u00ee\u0219i \u00eent\u0103reasc\u0103 lotul [&hellip;]<\/p>\n","protected":false},"author":1,"featured_media":64349,"comment_status":"open","ping_status":"open","sticky":false,"template":"","format":"standard","meta":{"_jetpack_memberships_contains_paid_content":false,"footnotes":""},"categories":[1],"tags":[],"class_list":["post-64347","post","type-post","status-publish","format-standard","has-post-thumbnail","hentry","category-uncategorized"],"yoast_head":"<!-- This site is optimized with the Yoast SEO plugin v27.5 - https:\/\/yoast.com\/product\/yoast-seo-wordpress\/ -->\n<title>FC Dinamo Bucure\u0219ti are pl\u0103cerea s\u0103 anun\u021be semnarea mijloca\u0219ului de mare valoare Rayan pe un contract pe cinci ani \u0219i jum\u0103tate...<\/title>\n<meta name=\"description\" content=\"FC Dinamo Bucure\u0219ti are pl\u0103cerea s\u0103 anun\u021be semnarea mijloca\u0219ului de mare valoare Rayan pe un contract pe cinci ani \u0219i jum\u0103tate...\" \/>\n<meta name=\"robots\" content=\"index, follow, max-snippet:-1, max-image-preview:large, max-video-preview:-1\" \/>\n<link rel=\"canonical\" href=\"https:\/\/www.letsportsrock.com\/?p=64347\" \/>\n<meta property=\"og:locale\" content=\"en_US\" \/>\n<meta property=\"og:type\" content=\"article\" \/>\n<meta property=\"og:title\" content=\"FC Dinamo Bucure\u0219ti are pl\u0103cerea s\u0103 anun\u021be semnarea mijloca\u0219ului de mare valoare Rayan pe un contract pe cinci ani \u0219i jum\u0103tate...\" \/>\n<meta property=\"og:description\" content=\"FC Dinamo Bucure\u0219ti are pl\u0103cerea s\u0103 anun\u021be semnarea mijloca\u0219ului de mare valoare Rayan pe un contract pe cinci ani \u0219i jum\u0103tate...\" \/>\n<meta property=\"og:url\" content=\"https:\/\/www.letsportsrock.com\/?p=64347\" \/>\n<meta property=\"og:site_name\" content=\"letsportsrock\" \/>\n<meta property=\"article:published_time\" content=\"2026-01-28T07:23:58+00:00\" \/>\n<meta property=\"article:modified_time\" content=\"2026-01-28T07:27:53+00:00\" \/>\n<meta property=\"og:image\" content=\"https:\/\/www.letsportsrock.com\/wp-content\/uploads\/2026\/01\/ahmed-bani-lamine-ghezali-celebrating-after-scoring-440nw-13915359y.jpg\" \/>\n\t<meta property=\"og:image:width\" content=\"440\" \/>\n\t<meta property=\"og:image:height\" content=\"293\" \/>\n\t<meta property=\"og:image:type\" content=\"image\/jpeg\" \/>\n<meta name=\"author\" content=\"letsportsrock\" \/>\n<meta name=\"twitter:card\" content=\"summary_large_image\" \/>\n<meta name=\"twitter:label1\" content=\"Written by\" \/>\n\t<meta name=\"twitter:data1\" content=\"letsportsrock\" \/>\n\t<meta name=\"twitter:label2\" content=\"Est. reading time\" \/>\n\t<meta name=\"twitter:data2\" content=\"2 minutes\" \/>\n<script type=\"application\/ld+json\" class=\"yoast-schema-graph\">{\"@context\":\"https:\\\/\\\/schema.org\",\"@graph\":[{\"@type\":\"Article\",\"@id\":\"https:\\\/\\\/www.letsportsrock.com\\\/?p=64347#article\",\"isPartOf\":{\"@id\":\"https:\\\/\\\/www.letsportsrock.com\\\/?p=64347\"},\"author\":{\"name\":\"letsportsrock\",\"@id\":\"https:\\\/\\\/www.letsportsrock.com\\\/#\\\/schema\\\/person\\\/a454ac24e58b214ddd97e4b5afb0bf01\"},\"headline\":\"FC Dinamo Bucure\u0219ti are pl\u0103cerea s\u0103 anun\u021be semnarea mijloca\u0219ului de mare valoare Rayan pe un contract pe cinci ani \u0219i jum\u0103tate&#8230;\",\"datePublished\":\"2026-01-28T07:23:58+00:00\",\"dateModified\":\"2026-01-28T07:27:53+00:00\",\"mainEntityOfPage\":{\"@id\":\"https:\\\/\\\/www.letsportsrock.com\\\/?p=64347\"},\"wordCount\":406,\"commentCount\":0,\"image\":{\"@id\":\"https:\\\/\\\/www.letsportsrock.com\\\/?p=64347#primaryimage\"},\"thumbnailUrl\":\"https:\\\/\\\/www.letsportsrock.com\\\/wp-content\\\/uploads\\\/2026\\\/01\\\/ahmed-bani-lamine-ghezali-celebrating-after-scoring-440nw-13915359y.jpg\",\"inLanguage\":\"en-US\",\"potentialAction\":[{\"@type\":\"CommentAction\",\"name\":\"Comment\",\"target\":[\"https:\\\/\\\/www.letsportsrock.com\\\/?p=64347#respond\"]}]},{\"@type\":\"WebPage\",\"@id\":\"https:\\\/\\\/www.letsportsrock.com\\\/?p=64347\",\"url\":\"https:\\\/\\\/www.letsportsrock.com\\\/?p=64347\",\"name\":\"FC Dinamo Bucure\u0219ti are pl\u0103cerea s\u0103 anun\u021be semnarea mijloca\u0219ului de mare valoare Rayan pe un contract pe cinci ani \u0219i jum\u0103tate...\",\"isPartOf\":{\"@id\":\"https:\\\/\\\/www.letsportsrock.com\\\/#website\"},\"primaryImageOfPage\":{\"@id\":\"https:\\\/\\\/www.letsportsrock.com\\\/?p=64347#primaryimage\"},\"image\":{\"@id\":\"https:\\\/\\\/www.letsportsrock.com\\\/?p=64347#primaryimage\"},\"thumbnailUrl\":\"https:\\\/\\\/www.letsportsrock.com\\\/wp-content\\\/uploads\\\/2026\\\/01\\\/ahmed-bani-lamine-ghezali-celebrating-after-scoring-440nw-13915359y.jpg\",\"datePublished\":\"2026-01-28T07:23:58+00:00\",\"dateModified\":\"2026-01-28T07:27:53+00:00\",\"author\":{\"@id\":\"https:\\\/\\\/www.letsportsrock.com\\\/#\\\/schema\\\/person\\\/a454ac24e58b214ddd97e4b5afb0bf01\"},\"description\":\"FC Dinamo Bucure\u0219ti are pl\u0103cerea s\u0103 anun\u021be semnarea mijloca\u0219ului de mare valoare Rayan pe un contract pe cinci ani \u0219i jum\u0103tate...\",\"breadcrumb\":{\"@id\":\"https:\\\/\\\/www.letsportsrock.com\\\/?p=64347#breadcrumb\"},\"inLanguage\":\"en-US\",\"potentialAction\":[{\"@type\":\"ReadAction\",\"target\":[\"https:\\\/\\\/www.letsportsrock.com\\\/?p=64347\"]}]},{\"@type\":\"ImageObject\",\"inLanguage\":\"en-US\",\"@id\":\"https:\\\/\\\/www.letsportsrock.com\\\/?p=64347#primaryimage\",\"url\":\"https:\\\/\\\/www.letsportsrock.com\\\/wp-content\\\/uploads\\\/2026\\\/01\\\/ahmed-bani-lamine-ghezali-celebrating-after-scoring-440nw-13915359y.jpg\",\"contentUrl\":\"https:\\\/\\\/www.letsportsrock.com\\\/wp-content\\\/uploads\\\/2026\\\/01\\\/ahmed-bani-lamine-ghezali-celebrating-after-scoring-440nw-13915359y.jpg\",\"width\":440,\"height\":293,\"caption\":\"Image ref 125165725. Copyright Shutterstock No reproduction without permission. See www.shutterstock.com\\\/license for more information.\"},{\"@type\":\"BreadcrumbList\",\"@id\":\"https:\\\/\\\/www.letsportsrock.com\\\/?p=64347#breadcrumb\",\"itemListElement\":[{\"@type\":\"ListItem\",\"position\":1,\"name\":\"Home\",\"item\":\"https:\\\/\\\/www.letsportsrock.com\\\/\"},{\"@type\":\"ListItem\",\"position\":2,\"name\":\"FC Dinamo Bucure\u0219ti are pl\u0103cerea s\u0103 anun\u021be semnarea mijloca\u0219ului de mare valoare Rayan pe un contract pe cinci ani \u0219i jum\u0103tate&#8230;\"}]},{\"@type\":\"WebSite\",\"@id\":\"https:\\\/\\\/www.letsportsrock.com\\\/#website\",\"url\":\"https:\\\/\\\/www.letsportsrock.com\\\/\",\"name\":\"letsportsrock\",\"description\":\"Sport News and Updates\",\"potentialAction\":[{\"@type\":\"SearchAction\",\"target\":{\"@type\":\"EntryPoint\",\"urlTemplate\":\"https:\\\/\\\/www.letsportsrock.com\\\/?s={search_term_string}\"},\"query-input\":{\"@type\":\"PropertyValueSpecification\",\"valueRequired\":true,\"valueName\":\"search_term_string\"}}],\"inLanguage\":\"en-US\"},{\"@type\":\"Person\",\"@id\":\"https:\\\/\\\/www.letsportsrock.com\\\/#\\\/schema\\\/person\\\/a454ac24e58b214ddd97e4b5afb0bf01\",\"name\":\"letsportsrock\",\"image\":{\"@type\":\"ImageObject\",\"inLanguage\":\"en-US\",\"@id\":\"https:\\\/\\\/secure.gravatar.com\\\/avatar\\\/f8ef950cbb7574c0bc874094b8d307659bfe2d7aa4a9d26fa6917eff010748f9?s=96&d=mm&r=g\",\"url\":\"https:\\\/\\\/secure.gravatar.com\\\/avatar\\\/f8ef950cbb7574c0bc874094b8d307659bfe2d7aa4a9d26fa6917eff010748f9?s=96&d=mm&r=g\",\"contentUrl\":\"https:\\\/\\\/secure.gravatar.com\\\/avatar\\\/f8ef950cbb7574c0bc874094b8d307659bfe2d7aa4a9d26fa6917eff010748f9?s=96&d=mm&r=g\",\"caption\":\"letsportsrock\"},\"sameAs\":[\"https:\\\/\\\/www.letsportsrock.com\"],\"url\":\"https:\\\/\\\/www.letsportsrock.com\\\/?author=1\"}]}<\/script>\n<!-- \/ Yoast SEO plugin. -->","yoast_head_json":{"title":"FC Dinamo Bucure\u0219ti are pl\u0103cerea s\u0103 anun\u021be semnarea mijloca\u0219ului de mare valoare Rayan pe un contract pe cinci ani \u0219i jum\u0103tate...","description":"FC Dinamo Bucure\u0219ti are pl\u0103cerea s\u0103 anun\u021be semnarea mijloca\u0219ului de mare valoare Rayan pe un contract pe cinci ani \u0219i jum\u0103tate...","robots":{"index":"index","follow":"follow","max-snippet":"max-snippet:-1","max-image-preview":"max-image-preview:large","max-video-preview":"max-video-preview:-1"},"canonical":"https:\/\/www.letsportsrock.com\/?p=64347","og_locale":"en_US","og_type":"article","og_title":"FC Dinamo Bucure\u0219ti are pl\u0103cerea s\u0103 anun\u021be semnarea mijloca\u0219ului de mare valoare Rayan pe un contract pe cinci ani \u0219i jum\u0103tate...","og_description":"FC Dinamo Bucure\u0219ti are pl\u0103cerea s\u0103 anun\u021be semnarea mijloca\u0219ului de mare valoare Rayan pe un contract pe cinci ani \u0219i jum\u0103tate...","og_url":"https:\/\/www.letsportsrock.com\/?p=64347","og_site_name":"letsportsrock","article_published_time":"2026-01-28T07:23:58+00:00","article_modified_time":"2026-01-28T07:27:53+00:00","og_image":[{"width":440,"height":293,"url":"https:\/\/www.letsportsrock.com\/wp-content\/uploads\/2026\/01\/ahmed-bani-lamine-ghezali-celebrating-after-scoring-440nw-13915359y.jpg","type":"image\/jpeg"}],"author":"letsportsrock","twitter_card":"summary_large_image","twitter_misc":{"Written by":"letsportsrock","Est. reading time":"2 minutes"},"schema":{"@context":"https:\/\/schema.org","@graph":[{"@type":"Article","@id":"https:\/\/www.letsportsrock.com\/?p=64347#article","isPartOf":{"@id":"https:\/\/www.letsportsrock.com\/?p=64347"},"author":{"name":"letsportsrock","@id":"https:\/\/www.letsportsrock.com\/#\/schema\/person\/a454ac24e58b214ddd97e4b5afb0bf01"},"headline":"FC Dinamo Bucure\u0219ti are pl\u0103cerea s\u0103 anun\u021be semnarea mijloca\u0219ului de mare valoare Rayan pe un contract pe cinci ani \u0219i jum\u0103tate&#8230;","datePublished":"2026-01-28T07:23:58+00:00","dateModified":"2026-01-28T07:27:53+00:00","mainEntityOfPage":{"@id":"https:\/\/www.letsportsrock.com\/?p=64347"},"wordCount":406,"commentCount":0,"image":{"@id":"https:\/\/www.letsportsrock.com\/?p=64347#primaryimage"},"thumbnailUrl":"https:\/\/www.letsportsrock.com\/wp-content\/uploads\/2026\/01\/ahmed-bani-lamine-ghezali-celebrating-after-scoring-440nw-13915359y.jpg","inLanguage":"en-US","potentialAction":[{"@type":"CommentAction","name":"Comment","target":["https:\/\/www.letsportsrock.com\/?p=64347#respond"]}]},{"@type":"WebPage","@id":"https:\/\/www.letsportsrock.com\/?p=64347","url":"https:\/\/www.letsportsrock.com\/?p=64347","name":"FC Dinamo Bucure\u0219ti are pl\u0103cerea s\u0103 anun\u021be semnarea mijloca\u0219ului de mare valoare Rayan pe un contract pe cinci ani \u0219i jum\u0103tate...","isPartOf":{"@id":"https:\/\/www.letsportsrock.com\/#website"},"primaryImageOfPage":{"@id":"https:\/\/www.letsportsrock.com\/?p=64347#primaryimage"},"image":{"@id":"https:\/\/www.letsportsrock.com\/?p=64347#primaryimage"},"thumbnailUrl":"https:\/\/www.letsportsrock.com\/wp-content\/uploads\/2026\/01\/ahmed-bani-lamine-ghezali-celebrating-after-scoring-440nw-13915359y.jpg","datePublished":"2026-01-28T07:23:58+00:00","dateModified":"2026-01-28T07:27:53+00:00","author":{"@id":"https:\/\/www.letsportsrock.com\/#\/schema\/person\/a454ac24e58b214ddd97e4b5afb0bf01"},"description":"FC Dinamo Bucure\u0219ti are pl\u0103cerea s\u0103 anun\u021be semnarea mijloca\u0219ului de mare valoare Rayan pe un contract pe cinci ani \u0219i jum\u0103tate...","breadcrumb":{"@id":"https:\/\/www.letsportsrock.com\/?p=64347#breadcrumb"},"inLanguage":"en-US","potentialAction":[{"@type":"ReadAction","target":["https:\/\/www.letsportsrock.com\/?p=64347"]}]},{"@type":"ImageObject","inLanguage":"en-US","@id":"https:\/\/www.letsportsrock.com\/?p=64347#primaryimage","url":"https:\/\/www.letsportsrock.com\/wp-content\/uploads\/2026\/01\/ahmed-bani-lamine-ghezali-celebrating-after-scoring-440nw-13915359y.jpg","contentUrl":"https:\/\/www.letsportsrock.com\/wp-content\/uploads\/2026\/01\/ahmed-bani-lamine-ghezali-celebrating-after-scoring-440nw-13915359y.jpg","width":440,"height":293,"caption":"Image ref 125165725. Copyright Shutterstock No reproduction without permission. See www.shutterstock.com\/license for more information."},{"@type":"BreadcrumbList","@id":"https:\/\/www.letsportsrock.com\/?p=64347#breadcrumb","itemListElement":[{"@type":"ListItem","position":1,"name":"Home","item":"https:\/\/www.letsportsrock.com\/"},{"@type":"ListItem","position":2,"name":"FC Dinamo Bucure\u0219ti are pl\u0103cerea s\u0103 anun\u021be semnarea mijloca\u0219ului de mare valoare Rayan pe un contract pe cinci ani \u0219i jum\u0103tate&#8230;"}]},{"@type":"WebSite","@id":"https:\/\/www.letsportsrock.com\/#website","url":"https:\/\/www.letsportsrock.com\/","name":"letsportsrock","description":"Sport News and Updates","potentialAction":[{"@type":"SearchAction","target":{"@type":"EntryPoint","urlTemplate":"https:\/\/www.letsportsrock.com\/?s={search_term_string}"},"query-input":{"@type":"PropertyValueSpecification","valueRequired":true,"valueName":"search_term_string"}}],"inLanguage":"en-US"},{"@type":"Person","@id":"https:\/\/www.letsportsrock.com\/#\/schema\/person\/a454ac24e58b214ddd97e4b5afb0bf01","name":"letsportsrock","image":{"@type":"ImageObject","inLanguage":"en-US","@id":"https:\/\/secure.gravatar.com\/avatar\/f8ef950cbb7574c0bc874094b8d307659bfe2d7aa4a9d26fa6917eff010748f9?s=96&d=mm&r=g","url":"https:\/\/secure.gravatar.com\/avatar\/f8ef950cbb7574c0bc874094b8d307659bfe2d7aa4a9d26fa6917eff010748f9?s=96&d=mm&r=g","contentUrl":"https:\/\/secure.gravatar.com\/avatar\/f8ef950cbb7574c0bc874094b8d307659bfe2d7aa4a9d26fa6917eff010748f9?s=96&d=mm&r=g","caption":"letsportsrock"},"sameAs":["https:\/\/www.letsportsrock.com"],"url":"https:\/\/www.letsportsrock.com\/?author=1"}]}},"jetpack_featured_media_url":"https:\/\/www.letsportsrock.com\/wp-content\/uploads\/2026\/01\/ahmed-bani-lamine-ghezali-celebrating-after-scoring-440nw-13915359y.jpg","jetpack_sharing_enabled":true,"_links":{"self":[{"href":"https:\/\/www.letsportsrock.com\/index.php?rest_route=\/wp\/v2\/posts\/64347","targetHints":{"allow":["GET"]}}],"collection":[{"href":"https:\/\/www.letsportsrock.com\/index.php?rest_route=\/wp\/v2\/posts"}],"about":[{"href":"https:\/\/www.letsportsrock.com\/index.php?rest_route=\/wp\/v2\/types\/post"}],"author":[{"embeddable":true,"href":"https:\/\/www.letsportsrock.com\/index.php?rest_route=\/wp\/v2\/users\/1"}],"replies":[{"embeddable":true,"href":"https:\/\/www.letsportsrock.com\/index.php?rest_route=%2Fwp%2Fv2%2Fcomments&post=64347"}],"version-history":[{"count":1,"href":"https:\/\/www.letsportsrock.com\/index.php?rest_route=\/wp\/v2\/posts\/64347\/revisions"}],"predecessor-version":[{"id":64348,"href":"https:\/\/www.letsportsrock.com\/index.php?rest_route=\/wp\/v2\/posts\/64347\/revisions\/64348"}],"wp:featuredmedia":[{"embeddable":true,"href":"https:\/\/www.letsportsrock.com\/index.php?rest_route=\/wp\/v2\/media\/64349"}],"wp:attachment":[{"href":"https:\/\/www.letsportsrock.com\/index.php?rest_route=%2Fwp%2Fv2%2Fmedia&parent=64347"}],"wp:term":[{"taxonomy":"category","embeddable":true,"href":"https:\/\/www.letsportsrock.com\/index.php?rest_route=%2Fwp%2Fv2%2Fcategories&post=64347"},{"taxonomy":"post_tag","embeddable":true,"href":"https:\/\/www.letsportsrock.com\/index.php?rest_route=%2Fwp%2Fv2%2Ftags&post=64347"}],"curies":[{"name":"wp","href":"https:\/\/api.w.org\/{rel}","templated":true}]}}